{"id":113,"date":"2012-07-25T02:00:00","date_gmt":"2012-07-25T00:00:00","guid":{"rendered":"https:\/\/zakr.es\/bks\/?p=113"},"modified":"2018-03-30T12:55:05","modified_gmt":"2018-03-30T10:55:05","slug":"a-komuna","status":"publish","type":"post","link":"https:\/\/zakr.es\/bks\/2012\/07\/a-komuna\/","title":{"rendered":"A komuna"},"content":{"rendered":"<p>Kolejny kawa\u0142ek, kt\u00f3ry ju\u017c by\u0142 zamieszczony (<em>Komuna)<\/em>. Na sczytanej p\u0142ycie pojawi\u0142 si\u0119 jako <em>.A komuna&#65279;<\/em>, co pocz\u0105tkowo wzi\u0105\u0142em za b\u0142\u0105d, ale faktycznie mo\u017ce by\u0107 to <em>A komuna<\/em>. Mo\u017ce kto\u015b wie, jak w ko\u0144cu jest prawid\u0142owo (nie, nie poprawi\u0119 starych wpis\u00f3w)?\u00a0Raz jest tak, raz inaczej&#65279;, pogubi\u0107 si\u0119 mo\u017cna! Wszystko przez komun\u0119!<\/p>\n<p><object width=\"100%\" height=\"81\" data=\"https:\/\/player.soundcloud.com\/player.swf?url=http%3A%2F%2Fapi.soundcloud.com%2Ftracks%2F54020854&amp;show_comments=true&amp;auto_play=false&amp;color=ff7700\" type=\"application\/x-shockwave-flash\"><param name=\"allowscriptaccess\" value=\"always\" \/><param name=\"src\" value=\"https:\/\/player.soundcloud.com\/player.swf?url=http%3A%2F%2Fapi.soundcloud.com%2Ftracks%2F54020854&amp;show_comments=true&amp;auto_play=false&amp;color=ff7700\" \/><\/object> <span><a href=\"http:\/\/soundcloud.com\/rozie-3\/05-bks-a-komuna\">05-BKS-.A komuna<\/a> by <a href=\"http:\/\/soundcloud.com\/rozie-3\">rozie<\/a><\/span><\/p>\n","protected":false},"excerpt":{"rendered":"<p>Kolejny kawa\u0142ek, kt\u00f3ry ju\u017c by\u0142 zamieszczony (Komuna). Na sczytanej p\u0142ycie pojawi\u0142 si\u0119 jako .A komuna&#65279;, co pocz\u0105tkowo wzi\u0105\u0142em za b\u0142\u0105d, ale faktycznie mo\u017ce by\u0107 to A komuna. Mo\u017ce kto\u015b wie, jak w ko\u0144cu jest prawid\u0142owo (nie, nie poprawi\u0119 starych wpis\u00f3w)?\u00a0Raz jest tak, raz inaczej&#65279;, pogubi\u0107 si\u0119 mo\u017cna! Wszystko przez komun\u0119! 05-BKS-.A komuna by rozie<\/p>\n","protected":false},"author":1,"featured_media":0,"comment_status":"open","ping_status":"open","sticky":false,"template":"","format":"standard","meta":{"footnotes":""},"categories":[1],"tags":[23,28,12,7,13,8],"class_list":["post-113","post","type-post","status-publish","format-standard","hentry","category-bez-kategorii","tag-album","tag-komuna","tag-muzyka","tag-punk","tag-punkrock","tag-szczecin"],"yoast_head":"<!-- This site is optimized with the Yoast SEO plugin v27.4 - https:\/\/yoast.com\/product\/yoast-seo-wordpress\/ -->\n<title>A komuna - Bez Kr\u00f3tkich Spodni<\/title>\n<meta name=\"robots\" content=\"index, follow, max-snippet:-1, max-image-preview:large, max-video-preview:-1\" \/>\n<link rel=\"canonical\" href=\"https:\/\/zakr.es\/bks\/2012\/07\/a-komuna\/\" \/>\n<meta property=\"og:locale\" content=\"pl_PL\" \/>\n<meta property=\"og:type\" content=\"article\" \/>\n<meta property=\"og:title\" content=\"A komuna - Bez Kr\u00f3tkich Spodni\" \/>\n<meta property=\"og:description\" content=\"Kolejny kawa\u0142ek, kt\u00f3ry ju\u017c by\u0142 zamieszczony (Komuna). Na sczytanej p\u0142ycie pojawi\u0142 si\u0119 jako .A komuna&#65279;, co pocz\u0105tkowo wzi\u0105\u0142em za b\u0142\u0105d, ale faktycznie mo\u017ce by\u0107 to A komuna. Mo\u017ce kto\u015b wie, jak w ko\u0144cu jest prawid\u0142owo (nie, nie poprawi\u0119 starych wpis\u00f3w)?\u00a0Raz jest tak, raz inaczej&#65279;, pogubi\u0107 si\u0119 mo\u017cna! Wszystko przez komun\u0119! 05-BKS-.A komuna by rozie\" \/>\n<meta property=\"og:url\" content=\"https:\/\/zakr.es\/bks\/2012\/07\/a-komuna\/\" \/>\n<meta property=\"og:site_name\" content=\"Bez Kr\u00f3tkich Spodni\" \/>\n<meta property=\"article:published_time\" content=\"2012-07-25T00:00:00+00:00\" \/>\n<meta property=\"article:modified_time\" content=\"2018-03-30T10:55:05+00:00\" \/>\n<meta name=\"author\" content=\"rozie\" \/>\n<meta name=\"twitter:card\" content=\"summary_large_image\" \/>\n<script type=\"application\/ld+json\" class=\"yoast-schema-graph\">{\"@context\":\"https:\\\/\\\/schema.org\",\"@graph\":[{\"@type\":\"Article\",\"@id\":\"https:\\\/\\\/zakr.es\\\/bks\\\/2012\\\/07\\\/a-komuna\\\/#article\",\"isPartOf\":{\"@id\":\"https:\\\/\\\/zakr.es\\\/bks\\\/2012\\\/07\\\/a-komuna\\\/\"},\"author\":{\"name\":\"rozie\",\"@id\":\"https:\\\/\\\/zakr.es\\\/bks\\\/#\\\/schema\\\/person\\\/f22b66aa633c1214f31e5e751e0657ac\"},\"headline\":\"A komuna\",\"datePublished\":\"2012-07-25T00:00:00+00:00\",\"dateModified\":\"2018-03-30T10:55:05+00:00\",\"mainEntityOfPage\":{\"@id\":\"https:\\\/\\\/zakr.es\\\/bks\\\/2012\\\/07\\\/a-komuna\\\/\"},\"wordCount\":70,\"commentCount\":0,\"keywords\":[\"album\",\"komuna\",\"muzyka\",\"Punk\",\"punkrock\",\"Szczecin\"],\"inLanguage\":\"pl-PL\",\"potentialAction\":[{\"@type\":\"CommentAction\",\"name\":\"Comment\",\"target\":[\"https:\\\/\\\/zakr.es\\\/bks\\\/2012\\\/07\\\/a-komuna\\\/#respond\"]}]},{\"@type\":\"WebPage\",\"@id\":\"https:\\\/\\\/zakr.es\\\/bks\\\/2012\\\/07\\\/a-komuna\\\/\",\"url\":\"https:\\\/\\\/zakr.es\\\/bks\\\/2012\\\/07\\\/a-komuna\\\/\",\"name\":\"A komuna - Bez Kr\u00f3tkich Spodni\",\"isPartOf\":{\"@id\":\"https:\\\/\\\/zakr.es\\\/bks\\\/#website\"},\"datePublished\":\"2012-07-25T00:00:00+00:00\",\"dateModified\":\"2018-03-30T10:55:05+00:00\",\"author\":{\"@id\":\"https:\\\/\\\/zakr.es\\\/bks\\\/#\\\/schema\\\/person\\\/f22b66aa633c1214f31e5e751e0657ac\"},\"breadcrumb\":{\"@id\":\"https:\\\/\\\/zakr.es\\\/bks\\\/2012\\\/07\\\/a-komuna\\\/#breadcrumb\"},\"inLanguage\":\"pl-PL\",\"potentialAction\":[{\"@type\":\"ReadAction\",\"target\":[\"https:\\\/\\\/zakr.es\\\/bks\\\/2012\\\/07\\\/a-komuna\\\/\"]}]},{\"@type\":\"BreadcrumbList\",\"@id\":\"https:\\\/\\\/zakr.es\\\/bks\\\/2012\\\/07\\\/a-komuna\\\/#breadcrumb\",\"itemListElement\":[{\"@type\":\"ListItem\",\"position\":1,\"name\":\"Strona g\u0142\u00f3wna\",\"item\":\"https:\\\/\\\/zakr.es\\\/bks\\\/\"},{\"@type\":\"ListItem\",\"position\":2,\"name\":\"A komuna\"}]},{\"@type\":\"WebSite\",\"@id\":\"https:\\\/\\\/zakr.es\\\/bks\\\/#website\",\"url\":\"https:\\\/\\\/zakr.es\\\/bks\\\/\",\"name\":\"Bez Kr\u00f3tkich Spodni\",\"description\":\"Nieoficjalny blog o szczeci\u0144skiej punkowej kapeli Bez Kr\u00f3tkich Spodni\",\"potentialAction\":[{\"@type\":\"SearchAction\",\"target\":{\"@type\":\"EntryPoint\",\"urlTemplate\":\"https:\\\/\\\/zakr.es\\\/bks\\\/?s={search_term_string}\"},\"query-input\":{\"@type\":\"PropertyValueSpecification\",\"valueRequired\":true,\"valueName\":\"search_term_string\"}}],\"inLanguage\":\"pl-PL\"},{\"@type\":\"Person\",\"@id\":\"https:\\\/\\\/zakr.es\\\/bks\\\/#\\\/schema\\\/person\\\/f22b66aa633c1214f31e5e751e0657ac\",\"name\":\"rozie\",\"image\":{\"@type\":\"ImageObject\",\"inLanguage\":\"pl-PL\",\"@id\":\"https:\\\/\\\/secure.gravatar.com\\\/avatar\\\/18675cce41ad58f3df564f544b7b3b9bb926682101c253d4d12d16fb6bfeafbb?s=96&d=mm&r=g\",\"url\":\"https:\\\/\\\/secure.gravatar.com\\\/avatar\\\/18675cce41ad58f3df564f544b7b3b9bb926682101c253d4d12d16fb6bfeafbb?s=96&d=mm&r=g\",\"contentUrl\":\"https:\\\/\\\/secure.gravatar.com\\\/avatar\\\/18675cce41ad58f3df564f544b7b3b9bb926682101c253d4d12d16fb6bfeafbb?s=96&d=mm&r=g\",\"caption\":\"rozie\"}}]}<\/script>\n<!-- \/ Yoast SEO plugin. -->","yoast_head_json":{"title":"A komuna - Bez Kr\u00f3tkich Spodni","robots":{"index":"index","follow":"follow","max-snippet":"max-snippet:-1","max-image-preview":"max-image-preview:large","max-video-preview":"max-video-preview:-1"},"canonical":"https:\/\/zakr.es\/bks\/2012\/07\/a-komuna\/","og_locale":"pl_PL","og_type":"article","og_title":"A komuna - Bez Kr\u00f3tkich Spodni","og_description":"Kolejny kawa\u0142ek, kt\u00f3ry ju\u017c by\u0142 zamieszczony (Komuna). Na sczytanej p\u0142ycie pojawi\u0142 si\u0119 jako .A komuna&#65279;, co pocz\u0105tkowo wzi\u0105\u0142em za b\u0142\u0105d, ale faktycznie mo\u017ce by\u0107 to A komuna. Mo\u017ce kto\u015b wie, jak w ko\u0144cu jest prawid\u0142owo (nie, nie poprawi\u0119 starych wpis\u00f3w)?\u00a0Raz jest tak, raz inaczej&#65279;, pogubi\u0107 si\u0119 mo\u017cna! Wszystko przez komun\u0119! 05-BKS-.A komuna by rozie","og_url":"https:\/\/zakr.es\/bks\/2012\/07\/a-komuna\/","og_site_name":"Bez Kr\u00f3tkich Spodni","article_published_time":"2012-07-25T00:00:00+00:00","article_modified_time":"2018-03-30T10:55:05+00:00","author":"rozie","twitter_card":"summary_large_image","schema":{"@context":"https:\/\/schema.org","@graph":[{"@type":"Article","@id":"https:\/\/zakr.es\/bks\/2012\/07\/a-komuna\/#article","isPartOf":{"@id":"https:\/\/zakr.es\/bks\/2012\/07\/a-komuna\/"},"author":{"name":"rozie","@id":"https:\/\/zakr.es\/bks\/#\/schema\/person\/f22b66aa633c1214f31e5e751e0657ac"},"headline":"A komuna","datePublished":"2012-07-25T00:00:00+00:00","dateModified":"2018-03-30T10:55:05+00:00","mainEntityOfPage":{"@id":"https:\/\/zakr.es\/bks\/2012\/07\/a-komuna\/"},"wordCount":70,"commentCount":0,"keywords":["album","komuna","muzyka","Punk","punkrock","Szczecin"],"inLanguage":"pl-PL","potentialAction":[{"@type":"CommentAction","name":"Comment","target":["https:\/\/zakr.es\/bks\/2012\/07\/a-komuna\/#respond"]}]},{"@type":"WebPage","@id":"https:\/\/zakr.es\/bks\/2012\/07\/a-komuna\/","url":"https:\/\/zakr.es\/bks\/2012\/07\/a-komuna\/","name":"A komuna - Bez Kr\u00f3tkich Spodni","isPartOf":{"@id":"https:\/\/zakr.es\/bks\/#website"},"datePublished":"2012-07-25T00:00:00+00:00","dateModified":"2018-03-30T10:55:05+00:00","author":{"@id":"https:\/\/zakr.es\/bks\/#\/schema\/person\/f22b66aa633c1214f31e5e751e0657ac"},"breadcrumb":{"@id":"https:\/\/zakr.es\/bks\/2012\/07\/a-komuna\/#breadcrumb"},"inLanguage":"pl-PL","potentialAction":[{"@type":"ReadAction","target":["https:\/\/zakr.es\/bks\/2012\/07\/a-komuna\/"]}]},{"@type":"BreadcrumbList","@id":"https:\/\/zakr.es\/bks\/2012\/07\/a-komuna\/#breadcrumb","itemListElement":[{"@type":"ListItem","position":1,"name":"Strona g\u0142\u00f3wna","item":"https:\/\/zakr.es\/bks\/"},{"@type":"ListItem","position":2,"name":"A komuna"}]},{"@type":"WebSite","@id":"https:\/\/zakr.es\/bks\/#website","url":"https:\/\/zakr.es\/bks\/","name":"Bez Kr\u00f3tkich Spodni","description":"Nieoficjalny blog o szczeci\u0144skiej punkowej kapeli Bez Kr\u00f3tkich Spodni","potentialAction":[{"@type":"SearchAction","target":{"@type":"EntryPoint","urlTemplate":"https:\/\/zakr.es\/bks\/?s={search_term_string}"},"query-input":{"@type":"PropertyValueSpecification","valueRequired":true,"valueName":"search_term_string"}}],"inLanguage":"pl-PL"},{"@type":"Person","@id":"https:\/\/zakr.es\/bks\/#\/schema\/person\/f22b66aa633c1214f31e5e751e0657ac","name":"rozie","image":{"@type":"ImageObject","inLanguage":"pl-PL","@id":"https:\/\/secure.gravatar.com\/avatar\/18675cce41ad58f3df564f544b7b3b9bb926682101c253d4d12d16fb6bfeafbb?s=96&d=mm&r=g","url":"https:\/\/secure.gravatar.com\/avatar\/18675cce41ad58f3df564f544b7b3b9bb926682101c253d4d12d16fb6bfeafbb?s=96&d=mm&r=g","contentUrl":"https:\/\/secure.gravatar.com\/avatar\/18675cce41ad58f3df564f544b7b3b9bb926682101c253d4d12d16fb6bfeafbb?s=96&d=mm&r=g","caption":"rozie"}}]}},"_links":{"self":[{"href":"https:\/\/zakr.es\/bks\/wp-json\/wp\/v2\/posts\/113","targetHints":{"allow":["GET"]}}],"collection":[{"href":"https:\/\/zakr.es\/bks\/wp-json\/wp\/v2\/posts"}],"about":[{"href":"https:\/\/zakr.es\/bks\/wp-json\/wp\/v2\/types\/post"}],"author":[{"embeddable":true,"href":"https:\/\/zakr.es\/bks\/wp-json\/wp\/v2\/users\/1"}],"replies":[{"embeddable":true,"href":"https:\/\/zakr.es\/bks\/wp-json\/wp\/v2\/comments?post=113"}],"version-history":[{"count":2,"href":"https:\/\/zakr.es\/bks\/wp-json\/wp\/v2\/posts\/113\/revisions"}],"predecessor-version":[{"id":149,"href":"https:\/\/zakr.es\/bks\/wp-json\/wp\/v2\/posts\/113\/revisions\/149"}],"wp:attachment":[{"href":"https:\/\/zakr.es\/bks\/wp-json\/wp\/v2\/media?parent=113"}],"wp:term":[{"taxonomy":"category","embeddable":true,"href":"https:\/\/zakr.es\/bks\/wp-json\/wp\/v2\/categories?post=113"},{"taxonomy":"post_tag","embeddable":true,"href":"https:\/\/zakr.es\/bks\/wp-json\/wp\/v2\/tags?post=113"}],"curies":[{"name":"wp","href":"https:\/\/api.w.org\/{rel}","templated":true}]}}